{"id":1451,"date":"2025-10-23T11:06:39","date_gmt":"2025-10-23T09:06:39","guid":{"rendered":"https:\/\/observatoire.industriepapiercarton.fr\/xrpaperfab\/?p=1451"},"modified":"2026-04-20T08:52:15","modified_gmt":"2026-04-20T06:52:15","slug":"le-digital-pour-lapprentissage-cas-pratique-a-lesepac","status":"publish","type":"post","link":"https:\/\/observatoire.industriepapiercarton.fr\/xrpaperfab\/2025\/10\/23\/le-digital-pour-lapprentissage-cas-pratique-a-lesepac\/","title":{"rendered":"Le digital pour l\u2019apprentissage : cas pratique \u00e0 l\u2019ESEPAC"},"content":{"rendered":"\n<p>L&rsquo;ESEPAC enrichit ses cours gr\u00e2ce au num\u00e9rique : faisons un focus sur les ressources interactives con\u00e7ues dans le cadre du projet XRPAPERFAB.<\/p>\n\n\n\n<p>\u00c0 l&rsquo;ESEPAC, la transformation num\u00e9rique de la p\u00e9dagogie est bien engag\u00e9e. Gr\u00e2ce notamment \u00e0 l\u2019accompagnement du projet XRPAPERFAB, plusieurs formateurs ont d\u00e9velopp\u00e9 de nouvelles ressources num\u00e9riques destin\u00e9es \u00e0 rendre les apprentissages plus dynamiques, interactifs et adapt\u00e9s aux besoins des \u00e9tudiants.<\/p>\n\n\n\n<p><\/p>\n\n\n\n<h2 class=\"wp-block-heading\"><strong><strong>Trois nouveaux modules num\u00e9riques viennent compl\u00e9ter les formations de l\u2019ESEPAC<\/strong><\/strong><\/h2>\n\n\n\n<p><\/p>\n\n\n\n<h3 class=\"wp-block-heading\">1. Identification des polym\u00e8res<\/h3>\n\n\n\n<p><\/p>\n\n\n\n<figure class=\"wp-block-image size-full\"><img loading=\"lazy\" decoding=\"async\" width=\"1387\" height=\"742\" src=\"https:\/\/observatoire.industriepapiercarton.fr\/xrpaperfab\/wp-content\/uploads\/2025\/10\/Le-digital-pour-lapprentissage-cas-pratique-a-lEsepac-1.png\" alt=\"\" class=\"wp-image-1454\" srcset=\"https:\/\/observatoire.industriepapiercarton.fr\/xrpaperfab\/wp-content\/uploads\/2025\/10\/Le-digital-pour-lapprentissage-cas-pratique-a-lEsepac-1.png 1387w, https:\/\/observatoire.industriepapiercarton.fr\/xrpaperfab\/wp-content\/uploads\/2025\/10\/Le-digital-pour-lapprentissage-cas-pratique-a-lEsepac-1-1280x685.png 1280w, https:\/\/observatoire.industriepapiercarton.fr\/xrpaperfab\/wp-content\/uploads\/2025\/10\/Le-digital-pour-lapprentissage-cas-pratique-a-lEsepac-1-980x524.png 980w, https:\/\/observatoire.industriepapiercarton.fr\/xrpaperfab\/wp-content\/uploads\/2025\/10\/Le-digital-pour-lapprentissage-cas-pratique-a-lEsepac-1-480x257.png 480w\" sizes=\"auto, (min-width: 0px) and (max-width: 480px) 480px, (min-width: 481px) and (max-width: 980px) 980px, (min-width: 981px) and (max-width: 1280px) 1280px, (min-width: 1281px) 1387px, 100vw\" \/><\/figure>\n\n\n\n<p><\/p>\n\n\n\n<p>Le premier module, con\u00e7u par J\u00e9r\u00f4me Issartel, porte sur l\u2019identification des polym\u00e8res. R\u00e9alis\u00e9e sur Genially, cette ressource asynchrone combine vid\u00e9os de mise en situation et quiz pour permettre aux \u00e9tudiants de master et de la formation Responsable Conception et Industrialisation Emballage Carton (RCIEC) d\u2019approfondir la reconnaissance des mat\u00e9riaux plastiques \u00e0 partir d\u2019observations concr\u00e8tes.<\/p>\n\n\n\n<p>Pens\u00e9e comme une ressource d\u2019autoformation, elle intervient en compl\u00e9ment d\u2019un cours de 4 heures en pr\u00e9sentiel consacr\u00e9 aux apports th\u00e9oriques.<\/p>\n\n\n\n<p><em>\u00ab Je n\u2019avais jamais pu aller aussi loin en pr\u00e9sentiel : cette ressource me permet d\u2019aborder des points que le volume horaire ne me permettait pas de traiter \u00bb,<\/em> explique J\u00e9r\u00f4me Issartel.<\/p>\n\n\n\n<p><\/p>\n\n\n\n<h3 class=\"wp-block-heading\">2. Les bases du dessin technique<\/h3>\n\n\n\n<p><\/p>\n\n\n\n<figure class=\"wp-block-image size-full\"><img loading=\"lazy\" decoding=\"async\" width=\"906\" height=\"491\" src=\"https:\/\/observatoire.industriepapiercarton.fr\/xrpaperfab\/wp-content\/uploads\/2025\/10\/Le-digital-pour-lapprentissage-cas-pratique-a-lEsepac-2-2.png\" alt=\"\" class=\"wp-image-1463\" srcset=\"https:\/\/observatoire.industriepapiercarton.fr\/xrpaperfab\/wp-content\/uploads\/2025\/10\/Le-digital-pour-lapprentissage-cas-pratique-a-lEsepac-2-2.png 906w, https:\/\/observatoire.industriepapiercarton.fr\/xrpaperfab\/wp-content\/uploads\/2025\/10\/Le-digital-pour-lapprentissage-cas-pratique-a-lEsepac-2-2-480x260.png 480w\" sizes=\"auto, (min-width: 0px) and (max-width: 480px) 480px, (min-width: 481px) 906px, 100vw\" \/><\/figure>\n\n\n\n<p><\/p>\n\n\n\n<p>Le second module, d\u00e9velopp\u00e9 par Laurent Giraudon et C\u00e9dric Rousset, s\u2019int\u00e9resse aux bases du dessin technique. Con\u00e7u initialement pour redynamiser un cours jug\u00e9 trop descendant, il s\u2019appuie sur Wooclap pour favoriser l\u2019interactivit\u00e9 pendant les s\u00e9ances.<\/p>\n\n\n\n<p>Pr\u00e9vue pour un usage en amphith\u00e9\u00e2tre avec pr\u00e8s de 90 \u00e9tudiants sur une session de 4 heures, cette ressource est utilis\u00e9e en face \u00e0 face p\u00e9dagogique afin d\u2019alterner apports et \u00e9changes. Le module permet en effet de relancer l\u2019attention, d\u2019obtenir un feedback imm\u00e9diat sur la compr\u00e9hension du groupe d\u2019\u00e9tudiants et d\u2019ajuster le rythme du cours. Une version asynchrone produite avec Genially sert de support de r\u00e9vision, facilitant la m\u00e9morisation des notions abord\u00e9es.<\/p>\n\n\n\n<p><\/p>\n\n\n\n<h3 class=\"wp-block-heading\">3. R\u00e9glementer l\u2019\u00e9co-conception et la circularit\u00e9 des emballages<\/h3>\n\n\n\n<p><\/p>\n\n\n\n<figure class=\"wp-block-image size-full\"><img loading=\"lazy\" decoding=\"async\" width=\"906\" height=\"491\" src=\"https:\/\/observatoire.industriepapiercarton.fr\/xrpaperfab\/wp-content\/uploads\/2025\/10\/Le-digital-pour-lapprentissage-cas-pratique-a-lEsepac-3-2.png\" alt=\"\" class=\"wp-image-1462\" srcset=\"https:\/\/observatoire.industriepapiercarton.fr\/xrpaperfab\/wp-content\/uploads\/2025\/10\/Le-digital-pour-lapprentissage-cas-pratique-a-lEsepac-3-2.png 906w, https:\/\/observatoire.industriepapiercarton.fr\/xrpaperfab\/wp-content\/uploads\/2025\/10\/Le-digital-pour-lapprentissage-cas-pratique-a-lEsepac-3-2-480x260.png 480w\" sizes=\"auto, (min-width: 0px) and (max-width: 480px) 480px, (min-width: 481px) 906px, 100vw\" \/><\/figure>\n\n\n\n<p><\/p>\n\n\n\n<p>Enfin, C\u00e9cilia Gayard a con\u00e7u une ressource d\u00e9di\u00e9e \u00e0 la r\u00e9glementation et \u00e0 l\u2019\u00e9co-conception, pens\u00e9e comme un outil de r\u00e9vision et d\u2019approfondissement sur des notions parfois per\u00e7ues comme complexes. Le module, structur\u00e9 autour de trois th\u00e9matiques \u2014 r\u00e9glementation g\u00e9n\u00e9rale, \u00e9co-conception et \u00e9conomie circulaire \u2014 prend la forme d\u2019un quiz interactif en autonomie.<\/p>\n\n\n\n<p><\/p>\n\n\n\n<p><em>\u00ab Cela permet aux \u00e9tudiants de revoir ces th\u00e9matiques de mani\u00e8re plus pos\u00e9e, dans un format plus attractif \u00bb<\/em>, souligne J\u00e9r\u00f4me Issartel.<\/p>\n\n\n\n<p>Ces trois r\u00e9alisations traduisent une m\u00eame ambition : apporter de la souplesse et de la diversit\u00e9 dans les apprentissages, en combinant le meilleur du pr\u00e9sentiel et du num\u00e9rique pour renforcer l\u2019efficacit\u00e9 p\u00e9dagogique.<\/p>\n\n\n\n<p><\/p>\n\n\n\n<h2 class=\"wp-block-heading\">Des b\u00e9n\u00e9fices tangibles pour les formateurs et les \u00e9tudiants<\/h2>\n\n\n\n<p><\/p>\n\n\n\n<p>Pour les formateurs, ces modules peuvent constituer une extension du cours, leur permettre de dynamiser leur p\u00e9dagogie ou encore leur fournir un outil de r\u00e9vision. Ils offrent une vraie flexibilit\u00e9.<\/p>\n\n\n\n<p>Les \u00e9tudiants, de leur c\u00f4t\u00e9, pl\u00e9biscitent ces nouveaux formats. Par exemple, un questionnaire de satisfaction qui portait sur la ressource \u201c Identification des polym\u00e8res \u201d fait ressortir une note moyenne &nbsp;de 9,1\/10 concernant la qualit\u00e9 du module et de 9,4\/10 pour son apport dans les apprentissages. La dur\u00e9e et la difficult\u00e9 sont \u00e9galement jug\u00e9es tr\u00e8s bien calibr\u00e9es (9,2\/10 chacune).<\/p>\n\n\n\n<p>Sur le plan qualitatif, les \u00e9tudiants soulignent avant tout le caract\u00e8re ludique et interactif de la ressource, qui facilite la compr\u00e9hension et rend l\u2019apprentissage plus engageant.<\/p>\n\n\n\n<p><\/p>\n\n\n\n<h2 class=\"wp-block-heading\">Une dynamique d\u2019\u00e9quipe et une coh\u00e9rence strat\u00e9gique<\/h2>\n\n\n\n<p><\/p>\n\n\n\n<p>Pour l&rsquo;ESEPAC, cette participation au projet XRPAPERFAB s\u2019inscrit pleinement dans une strat\u00e9gie de digitalisation progressive des enseignements.<\/p>\n\n\n\n<p><em>\u00ab C\u2019est un travail en coh\u00e9rence avec notre volont\u00e9 de produire des ressources num\u00e9riques et d\u2019enrichir nos parcours de formation \u00bb<\/em>, souligne J\u00e9r\u00f4me Issartel.<\/p>\n\n\n\n<p>L\u2019accompagnement humain apport\u00e9 dans le cadre du projet \u2014 cadrage des besoins, travail it\u00e9ratif et sessions r\u00e9guli\u00e8res avec une ing\u00e9nieure p\u00e9dagogique \u2014 a \u00e9t\u00e9 d\u00e9terminant pour structurer les id\u00e9es et donner confiance aux \u00e9quipes. Les formateurs y ont vu un levier pour lib\u00e9rer leur cr\u00e9ativit\u00e9 et r\u00e9inventer leurs supports.<\/p>\n\n\n\n<p><\/p>\n\n\n\n<h2 class=\"wp-block-heading\">Perspectives : IA et nouvelles conceptions en vue<\/h2>\n\n\n\n<p><\/p>\n\n\n\n<p>Les perspectives ne manquent pas : les ressources existantes continueront d\u2019\u00eatre exploit\u00e9es, certaines comme supports de r\u00e9vision ou pour aller plus loin, d\u2019autres pour animer les s\u00e9ances de pr\u00e9sentiel. D\u2019ailleurs, trois nouveaux projets de conception avec 6 formateurs accompagn\u00e9s par une ing\u00e9nieure p\u00e9dagogique sont d\u00e9j\u00e0 engag\u00e9s \u00e0 l&rsquo;ESEPAC.<\/p>\n\n\n\n<p>L&rsquo;ESEPAC explore \u00e9galement les apports de l\u2019intelligence artificielle dans la cr\u00e9ation de contenus p\u00e9dagogiques.<\/p>\n\n\n\n<p><em>\u00ab L\u2019IA nous permet d\u2019alimenter plus rapidement les ressources, notamment pour g\u00e9n\u00e9rer des quiz ou faire \u00e9voluer les supports. C\u2019est un vrai gain de temps \u00bb<\/em>, note J\u00e9r\u00f4me Issartel.<\/p>\n\n\n\n<p>En conjuguant innovation p\u00e9dagogique, interactivit\u00e9 et technologies immersives, l&rsquo;ESEPAC illustre parfaitement la promesse de XRPAPERFAB : faire du num\u00e9rique un levier concret de transformation pour les centres de formation de la fili\u00e8re papier-carton.<\/p>\n","protected":false},"excerpt":{"rendered":"<p>L&rsquo;ESEPAC enrichit ses cours gr\u00e2ce au num\u00e9rique : faisons un focus sur les ressources interactives con\u00e7ues dans le cadre du projet XRPAPERFAB. \u00c0 l&rsquo;ESEPAC, la transformation num\u00e9rique de la p\u00e9dagogie est bien engag\u00e9e. Gr\u00e2ce notamment \u00e0 l\u2019accompagnement du projet XRPAPERFAB, plusieurs formateurs ont d\u00e9velopp\u00e9 de nouvelles ressources num\u00e9riques destin\u00e9es \u00e0 rendre les apprentissages plus dynamiques, [&hellip;]<\/p>\n","protected":false},"author":10,"featured_media":1464,"comment_status":"closed","ping_status":"closed","sticky":false,"template":"","format":"standard","meta":{"_acf_changed":false,"_et_pb_use_builder":"off","_et_pb_old_content":"<!-- wp:paragraph -->\n<p>Sur la plateforme e-learning de l\u2019Industrie Papier Carton MaLearningFab, nous offrons une large gamme de modules con\u00e7us pour r\u00e9pondre \u00e0 vos besoins de formation. Vous aurez aussi le soutien d\u2019un support technique pour faciliter l\u2019acc\u00e8s, l\u2019inscription et le suivi de vos salari\u00e9s.<\/p>\n<!-- \/wp:paragraph -->\n\n<!-- wp:paragraph -->\n<p>Notre offre de formation se compose de diverses collections, incluant \u00ab&nbsp;Les Essentiels du Papier Carton&nbsp;\u00bb pour une introduction aux sujets fondamentaux de notre secteur, les \u00ab&nbsp;Techniques de Pirus&nbsp;\u00bb ax\u00e9es sur les proc\u00e9dures et comp\u00e9tences sp\u00e9cifiques requises pour les certifications CQP, les \u00ab&nbsp;e-positionnements&nbsp;\u00bb qui proposent des tests de connaissances en lien avec les comp\u00e9tences CQP, et les \"formations transverses\" qui couvrent notamment des sujets comme le tutorat et la s\u00e9curit\u00e9. Voici un aper\u00e7u d\u00e9taill\u00e9 de l'offre de formation disponible&nbsp;\u00e0 date :<\/p>\n<!-- \/wp:paragraph -->\n\n<!-- wp:heading -->\n<h2 class=\"wp-block-heading\">Les Essentiels - gratuits pour tous les acteurs de l'Industrie Papier Carton<\/h2>\n<!-- \/wp:heading -->\n\n<!-- wp:list -->\n<ul><!-- wp:list-item -->\n<li>L\u2019Essentiel de la Fibre de Cellulose<\/li>\n<!-- \/wp:list-item -->\n\n<!-- wp:list-item -->\n<li>L\u2019Essentiel du Papier<\/li>\n<!-- \/wp:list-item -->\n\n<!-- wp:list-item -->\n<li>L\u2019Essentiel du Carton Plat<\/li>\n<!-- \/wp:list-item -->\n\n<!-- wp:list-item -->\n<li>L\u2019Essentiel du Carton Ondul\u00e9<\/li>\n<!-- \/wp:list-item -->\n\n<!-- wp:list-item -->\n<li>L\u2019Essentiel de l\u2019\u00c9tiquette<\/li>\n<!-- \/wp:list-item -->\n\n<!-- wp:list-item -->\n<li>L\u2019Essentiel de l\u2019Emballage Papier Carton<\/li>\n<!-- \/wp:list-item -->\n\n<!-- wp:list-item -->\n<li>L\u2019Essentiel de la Ouate et des Articles d\u2019Hygi\u00e8ne<\/li>\n<!-- \/wp:list-item -->\n\n<!-- wp:list-item -->\n<li>L\u2019Essentiel de l\u2019Impression<\/li>\n<!-- \/wp:list-item --><\/ul>\n<!-- \/wp:list -->\n\n<!-- wp:heading -->\n<h2 class=\"wp-block-heading\"><strong>Formations sp\u00e9cialis\u00e9es&nbsp;: les techniques de Pirus<\/strong><\/h2>\n<!-- \/wp:heading -->\n\n<!-- wp:list -->\n<ul><!-- wp:list-item -->\n<li>Machine \u00e0 Papier<\/li>\n<!-- \/wp:list-item -->\n\n<!-- wp:list-item -->\n<li>Maintenance d\u2019une Ligne de Transformation<\/li>\n<!-- \/wp:list-item -->\n\n<!-- wp:list-item -->\n<li>Communication et Travail en \u00e9quipe<\/li>\n<!-- \/wp:list-item -->\n\n<!-- wp:list-item -->\n<li>Am\u00e9lioration Continue<\/li>\n<!-- \/wp:list-item -->\n\n<!-- wp:list-item -->\n<li>Fonctionnement d\u2019une s\u00e8cherie<\/li>\n<!-- \/wp:list-item -->\n\n<!-- wp:list-item -->\n<li>Aptitude des emballages papier carton au contact alimentaire<\/li>\n<!-- \/wp:list-item -->\n\n<!-- wp:list-item -->\n<li>\u00c9lectronique imprim\u00e9e<\/li>\n<!-- \/wp:list-item --><\/ul>\n<!-- \/wp:list -->\n\n<!-- wp:heading -->\n<h2 class=\"wp-block-heading\"><strong>Formations Transverses&nbsp;: \u00e9largissez votre horizon&nbsp;!<\/strong><\/h2>\n<!-- \/wp:heading -->\n\n<!-- wp:list -->\n<ul><!-- wp:list-item -->\n<li>PASS S\u00e9curit\u00e9<\/li>\n<!-- \/wp:list-item -->\n\n<!-- wp:list-item -->\n<li>PASS \u00c9nergie<\/li>\n<!-- \/wp:list-item -->\n\n<!-- wp:list-item -->\n<li>Objectif Tutorat<\/li>\n<!-- \/wp:list-item -->\n\n<!-- wp:list-item -->\n<li>Orientation Papier Carton<\/li>\n<!-- \/wp:list-item --><\/ul>\n<!-- \/wp:list -->\n\n<!-- wp:paragraph -->\n<p>MaLearningfab propose une vari\u00e9t\u00e9 de modules de formation pour r\u00e9pondre aux besoins de l'industrie Papier Carton. L'inscription est facile et directement accessible en ligne, ouvrant la porte \u00e0 une multitude d'opportunit\u00e9s d'apprentissage et de d\u00e9veloppement&nbsp;!<\/p>\n<!-- \/wp:paragraph -->\n\n<!-- wp:paragraph -->\n<p>N'attendez plus, explorez d\u00e8s aujourd'hui les formations disponibles sur MaLearningfab&nbsp;: <a href=\"https:\/\/www.malearningfab.fr\/Account\/login\">https:\/\/www.malearningfab.fr\/<\/a><\/p>\n<!-- \/wp:paragraph -->","_et_gb_content_width":"","footnotes":""},"categories":[16],"tags":[],"class_list":["post-1451","post","type-post","status-publish","format-standard","has-post-thumbnail","hentry","category-ingenierie"],"acf":[],"_links":{"self":[{"href":"https:\/\/observatoire.industriepapiercarton.fr\/xrpaperfab\/wp-json\/wp\/v2\/posts\/1451","targetHints":{"allow":["GET"]}}],"collection":[{"href":"https:\/\/observatoire.industriepapiercarton.fr\/xrpaperfab\/wp-json\/wp\/v2\/posts"}],"about":[{"href":"https:\/\/observatoire.industriepapiercarton.fr\/xrpaperfab\/wp-json\/wp\/v2\/types\/post"}],"author":[{"embeddable":true,"href":"https:\/\/observatoire.industriepapiercarton.fr\/xrpaperfab\/wp-json\/wp\/v2\/users\/10"}],"replies":[{"embeddable":true,"href":"https:\/\/observatoire.industriepapiercarton.fr\/xrpaperfab\/wp-json\/wp\/v2\/comments?post=1451"}],"version-history":[{"count":16,"href":"https:\/\/observatoire.industriepapiercarton.fr\/xrpaperfab\/wp-json\/wp\/v2\/posts\/1451\/revisions"}],"predecessor-version":[{"id":1476,"href":"https:\/\/observatoire.industriepapiercarton.fr\/xrpaperfab\/wp-json\/wp\/v2\/posts\/1451\/revisions\/1476"}],"wp:featuredmedia":[{"embeddable":true,"href":"https:\/\/observatoire.industriepapiercarton.fr\/xrpaperfab\/wp-json\/wp\/v2\/media\/1464"}],"wp:attachment":[{"href":"https:\/\/observatoire.industriepapiercarton.fr\/xrpaperfab\/wp-json\/wp\/v2\/media?parent=1451"}],"wp:term":[{"taxonomy":"category","embeddable":true,"href":"https:\/\/observatoire.industriepapiercarton.fr\/xrpaperfab\/wp-json\/wp\/v2\/categories?post=1451"},{"taxonomy":"post_tag","embeddable":true,"href":"https:\/\/observatoire.industriepapiercarton.fr\/xrpaperfab\/wp-json\/wp\/v2\/tags?post=1451"}],"curies":[{"name":"wp","href":"https:\/\/api.w.org\/{rel}","templated":true}]}}